{"id":178,"date":"2012-09-18T11:14:01","date_gmt":"2012-09-18T09:14:01","guid":{"rendered":"http:\/\/www.lps.polimi.it\/index.php\/2012\/09\/18\/roberta-cucca-2\/"},"modified":"2012-09-18T11:14:01","modified_gmt":"2012-09-18T09:14:01","slug":"roberta-cucca-2","status":"publish","type":"post","link":"https:\/\/www.lps.polimi.it\/?p=178","title":{"rendered":"Roberta Cucca"},"content":{"rendered":"<table style=\"width: 760px;\" border=\"0\">\n<tbody>\n<tr>\n<td rowspan=\"8\" height=\"200\" width=\"150\"><img decoding=\"async\" class=\" size-full wp-image-177\" alt=\"Cucca\" src=\"https:\/\/www.lps.polimi.it\/wp-content\/uploads\/2012\/09\/images_IL_GRUPPO_Cucca.jpg\" height=\"200\" width=\"150\" \/><\/td>\n<td colspan=\"2\"><span style=\"font-family: arial,helvetica,sans-serif; color: #99cc33; font-size: 12pt;\"><strong><span class=\"style14\"><span style=\"font-family: arial,helvetica,sans-serif; color: #99cc00;\"><strong><span style=\"font-size: 12pt;\"><span style=\"font-family: arial,helvetica,sans-serif; color: #99cc00;\"><strong><span style=\"font-size: 12pt;\"><span style=\"font-family: arial,helvetica,sans-serif; color: #99cc33; font-size: 12pt;\"><strong><span class=\"style14\"><span style=\"font-family: arial,helvetica,sans-serif; color: #99cc33; font-size: 12pt;\"><strong><span class=\"style14\"><span style=\"font-family: arial,helvetica,sans-serif; color: #99cc00;\"><strong><span style=\"font-size: 12pt;\"><span style=\"font-family: arial,helvetica,sans-serif; color: #99cc33; font-size: 12pt;\"><strong><span class=\"style14\"><span style=\"font-family: arial,helvetica,sans-serif; color: #99cc00;\"><strong><span style=\"font-size: 12pt;\">Assistant professor<\/span><\/strong><\/span><\/span><\/strong><\/span><\/span><\/strong><\/span><\/span><\/strong><\/span><\/span><\/strong><\/span><\/span><\/strong><\/span><\/span><\/strong><\/span><\/span><\/strong><\/span><\/td>\n<\/tr>\n<tr>\n<td colspan=\"2\"><\/td>\n<\/tr>\n<tr>\n<td width=\"100\"><span style=\"font-family: arial,helvetica,sans-serif; font-size: 10pt; color: #ffffff;\"><span style=\"font-family: arial,helvetica,sans-serif; font-size: 10pt;\">Adress<\/span><\/span><\/td>\n<td width=\"510\"><span style=\"font-family: arial,helvetica,sans-serif; font-size: 10pt;\"><span style=\"font-family: arial,helvetica,sans-serif; color: #ffffff; font-size: 10pt;\">Via Bonardi, 3&nbsp;&#8211; 5<span style=\"font-size: 8pt;\"><sup>rd<\/sup> <span style=\"font-size: 10pt;\">floor Milan -Italy<\/span><\/span><\/span><\/span><\/td>\n<\/tr>\n<tr>\n<td><span style=\"font-family: arial,helvetica,sans-serif; font-size: 10pt; color: #ffffff;\"><span style=\"font-family: arial,helvetica,sans-serif; font-size: 10pt;\">Phone nunber<\/span><\/span><\/td>\n<td><span style=\"font-family: arial,helvetica,sans-serif; font-size: 10pt; color: #ffffff;\">02.23995552<\/span><\/td>\n<\/tr>\n<tr>\n<td><span style=\"font-family: arial,helvetica,sans-serif; font-size: 10pt; color: #ffffff;\"><span style=\"font-family: arial,helvetica,sans-serif; font-size: 10pt;\">Fax nunber<\/span><\/span><\/td>\n<td><span style=\"font-family: arial,helvetica,sans-serif; font-size: 10pt; color: #ffffff;\">02.23995435<\/span><\/td>\n<\/tr>\n<tr>\n<td><span style=\"font-family: arial,helvetica,sans-serif; font-size: 10pt; color: #ffffff;\">E-mail<\/span><\/td>\n<td><span style=\"font-family: arial,helvetica,sans-serif; font-size: 10pt;\"><a href=\"mailto:roberta.cucca@polimi.it\">roberta.cucca@polimi.it<\/a><\/span><\/td>\n<\/tr>\n<tr>\n<td colspan=\"2\"><a href=\"images\/CV_GRUPPO\/cuccacv_eng.pdf\" target=\"_blank\"><span style=\"font-family: arial,helvetica,sans-serif; color: #f37a21; font-size: 10pt;\">Download my CV<\/span><\/a><\/td>\n<\/tr>\n<tr>\n<td colspan=\"2\"><\/td>\n<\/tr>\n<tr>\n<td colspan=\"3\"><span><strong><span style=\"font-family: arial,helvetica,sans-serif; color: #f37a21; font-size: 12pt;\"><strong><span style=\"font-family: arial,helvetica,sans-serif; color: #f37a21; font-size: 12pt;\"><strong>Career and research areas<\/strong><\/span><\/strong><\/span><\/strong><\/span><\/td>\n<\/tr>\n<tr>\n<td style=\"text-align: justify;\" colspan=\"3\"><span><span style=\"font-size: 10pt;\"><span style=\"line-height: 115%; font-family: arial,helvetica,sans-serif; color: white;\"><span style=\"line-height: 115%;\"><span style=\"color: #000000;\" color=\"#000000\"><span style=\"color: #000000;\" color=\"#000000\"><span style=\"color: #ffffff;\"><span style=\"line-height: 115%;\"><span style=\"line-height: 115%; font-family: arial,helvetica,sans-serif; color: white;\"><span style=\"line-height: 115%;\"><span style=\"color: #000000;\" color=\"#000000\"><span style=\"color: #000000;\" color=\"#000000\"><span style=\"color: #ffffff;\"><span style=\"line-height: 115%;\"><span style=\"font-size: 10pt; line-height: 115%; font-family: arial,helvetica,sans-serif; color: #ffffff;\"><span style=\"font-size: 10pt; line-height: 115%; font-family: Arial; color: #ffffff;\" lang=\"EN-US\">M.A. in Science of education (2000, Milan); PhD in Sociology (2006, Milan); Research fellow at IReR Lombardy, ISMU, CNR; Post-doc fellow at the Catholic University of Milan (2006) and at the Polytechnic of Milan (2007-2009); Post-doc at the Cities Centre of the University of Toronto (2010). Lecturer in general, urban and environmental sociology. Main research interests: economic competitiveness and social inequalities in contemporary cities; deliberative and participatory democracy; environmentalcrisis and social vulnerability.<\/span><\/span><\/span><\/span><\/span><\/span><\/span><\/span><\/span><\/span><\/span><\/span><\/span><\/span><\/span><\/span><\/td>\n<\/tr>\n<tr>\n<td colspan=\"3\"><span><strong><span style=\"font-family: arial,helvetica,sans-serif; color: #f37a21; font-size: 12pt;\"><strong><span style=\"font-family: arial,helvetica,sans-serif; color: #f37a21; font-size: 12pt;\"><strong>Main publications<\/strong><\/span><\/strong><\/span><\/strong><\/span><\/td>\n<\/tr>\n<tr>\n<td colspan=\"3\">\n<ul>\n<li style=\"text-align: justify;\"><span style=\"color: #ffffff;\"><span style=\"font-size: 10pt; font-family: 'Arial','sans-serif';\" lang=\"EN-GB\">(2011) with E.M. Tacchi, \u201cTrade-offs and tangles between sustainability dimensions. The case of accessibility as a missing pillar of sustainable mobility policies in Italy\u201d, in<span class=\"Apple-converted-space\">&nbsp;<\/span><i>Sustainability: Science, Practice &amp; Policy<\/i>, Fall 2011,<\/span><span style=\"font-size: 10pt;\" lang=\"EN-GB\"><\/span><span style=\"font-size: 10pt; font-family: 'Arial','sans-serif';\" lang=\"EN-GB\"><a href=\"http:\/\/sspp.proquest.com\/current.html\"><span style=\"color: #ffffff;\"> <\/span><\/a><a href=\"http:\/\/sspp.proquest.com\/current.html\"><span style=\"color: #ffffff;\"><\/span><\/a><a href=\"http:\/\/sspp.proquest.com\/\">http:\/\/sspp.proquest.com\/<\/a><\/span>.<\/span><\/li>\n<li style=\"text-align: justify;\"><span style=\"color: #ffffff;\"><span style=\"font-size: 10pt; font-family: 'Arial','sans-serif';\" lang=\"EN-US\">(2011) (in press)<span class=\"Apple-converted-space\">&nbsp;<\/span><\/span><span style=\"font-size: 10pt; font-family: 'Arial','sans-serif';\" lang=\"EN-US\">&nbsp;con A. Alietti, A. Agustoni, \u201cSocial housing policy as a tool for Ethnic Integration in Europe.<span class=\"Apple-converted-space\">&nbsp;<\/span><\/span><span style=\"font-size: 10pt; font-family: 'Arial','sans-serif';\" lang=\"EN-GB\">A critical focus on the Italian experience\u201d<span class=\"Apple-converted-space\">&nbsp;<\/span><\/span><span style=\"font-size: 10pt; font-family: 'Arial','sans-serif';\" lang=\"EN-US\">in Bauder H. (ed)&nbsp;<span class=\"Apple-converted-space\">&nbsp;<\/span><i>Immigration &amp; Settlement: Challenges, Experiences and Opportunities in Global and Local Contexts<\/i>, Toronto, Canadian Scholars\u2019 Press.<\/span><\/span><\/li>\n<li style=\"text-align: justify;\"><span style=\"color: #ffffff;\"><span style=\"font-size: 10pt; font-family: 'Arial','sans-serif';\">(2010) con S. Cerea, M. Rago<i>., S<\/i><\/span><i><span style=\"font-size: 10pt; font-family: 'Arial','sans-serif';\">viluppo economico e integrazione sociale. Il caso dei distretti industriali lombardi<\/span><\/i><span style=\"font-size: 10pt; font-family: 'Arial','sans-serif';\">, Roma, Carocci.<\/span><\/span><\/li>\n<li style=\"text-align: justify;\"><span style=\"color: #ffffff;\"><span style=\"font-family: 'Arial','sans-serif'; font-size: 10pt;\">(2010) (a cura di)<span class=\"Apple-converted-space\">&nbsp;<\/span><i>Innovare la democrazia. Teorie ed esperienze di deliberazione pubblica<\/i>, (con A. Colombo), Milano, Guerini Editore (con prefazione di P. Bassetti).<\/span><\/span><\/li>\n<li style=\"text-align: justify;\"><span style=\"color: #ffffff;\"><span style=\"font-family: 'Arial','sans-serif'; font-size: 10pt;\">(2010) \u201cCrescita diseguale. Gli impatti sociali della transizione al post-fordismo nelle citt\u00e0 europee\u201d, in C. Ranci,<span class=\"Apple-converted-space\">&nbsp;<\/span><i>Citt\u00e0 nella rete globale. Competitivit\u00e0 e disuguaglianze in sei citt\u00e0 europee<\/i>, Milano, Bruno Mondadori, pp. 79-115.<\/span><\/span><\/li>\n<li style=\"text-align: justify;\"><span style=\"color: #ffffff;\"><span style=\"font-size: 10pt;\"><\/span><span style=\"font-family: 'Arial','sans-serif'; font-size: 10pt;\">(2009)<span class=\"Apple-converted-space\">&nbsp;<\/span><i>Partecipare alla mobilit\u00e0 sostenibile. Politiche, strumenti, attori<\/i>, Roma, Carocci.<\/span><\/span><\/li>\n<\/ul>\n<\/td>\n<\/tr>\n<tr>\n<td colspan=\"3\"><\/td>\n<\/tr>\n<\/tbody>\n<\/table>\n","protected":false},"excerpt":{"rendered":"<p>Assistant professor Adress Via Bonardi, 3&nbsp;&#8211; 5rd floor Milan -Italy Phone nunber 02.23995552 Fax nunber 02.23995435 E-mail roberta.cucca@polimi.it Download my CV Career and research areas M.A. in Science of education (2000, Milan); PhD in Sociology (2006, Milan); Research fellow at IReR Lombardy, ISMU, CNR; Post-doc fellow at the Catholic University of Milan (2006) and at [&hellip;]<\/p>\n","protected":false},"author":1,"featured_media":0,"comment_status":"open","ping_status":"open","sticky":false,"template":"","format":"standard","meta":{"_acf_changed":false,"footnotes":""},"categories":[3],"tags":[],"class_list":["post-178","post","type-post","status-publish","format-standard","hentry","category-news-dal-laboratorio"],"acf":[],"_links":{"self":[{"href":"https:\/\/www.lps.polimi.it\/index.php?rest_route=\/wp\/v2\/posts\/178","targetHints":{"allow":["GET"]}}],"collection":[{"href":"https:\/\/www.lps.polimi.it\/index.php?rest_route=\/wp\/v2\/posts"}],"about":[{"href":"https:\/\/www.lps.polimi.it\/index.php?rest_route=\/wp\/v2\/types\/post"}],"author":[{"embeddable":true,"href":"https:\/\/www.lps.polimi.it\/index.php?rest_route=\/wp\/v2\/users\/1"}],"replies":[{"embeddable":true,"href":"https:\/\/www.lps.polimi.it\/index.php?rest_route=%2Fwp%2Fv2%2Fcomments&post=178"}],"version-history":[{"count":0,"href":"https:\/\/www.lps.polimi.it\/index.php?rest_route=\/wp\/v2\/posts\/178\/revisions"}],"wp:attachment":[{"href":"https:\/\/www.lps.polimi.it\/index.php?rest_route=%2Fwp%2Fv2%2Fmedia&parent=178"}],"wp:term":[{"taxonomy":"category","embeddable":true,"href":"https:\/\/www.lps.polimi.it\/index.php?rest_route=%2Fwp%2Fv2%2Fcategories&post=178"},{"taxonomy":"post_tag","embeddable":true,"href":"https:\/\/www.lps.polimi.it\/index.php?rest_route=%2Fwp%2Fv2%2Ftags&post=178"}],"curies":[{"name":"wp","href":"https:\/\/api.w.org\/{rel}","templated":true}]}}