{"id":2717,"date":"2019-09-14T00:49:06","date_gmt":"2019-09-13T22:49:06","guid":{"rendered":"http:\/\/www.lps.polimi.it?p=2717"},"modified":"2019-09-14T01:02:18","modified_gmt":"2019-09-13T23:02:18","slug":"matteo-del-fabbro-al-convengo-annuale-della-societa-italiana-di-scienza-politica","status":"publish","type":"post","link":"https:\/\/www.lps.polimi.it\/?p=2717","title":{"rendered":"Matteo Del Fabbro al convengo annuale della Societ\u00e0 Italiana di Scienza Politica"},"content":{"rendered":"<div>Matteo Del Fabbro parteciper\u00e0 al convegno annuale della Societ\u00e0 Italiana di Scienza Politica in cui presenter\u00e0 il working paper&nbsp;<strong>L&#8217;organizzazione delle amministrazioni comunali nello spazio metropolitano italiano: il caso di Milano<\/strong>&nbsp;all&#8217;interno della sessione su <i>Le Citt\u00e0 metropolitane italiane in prospettiva comparata: ieri, oggi\u2026 domani?<\/i><\/div>\n<div><i>&nbsp;<\/i><\/div>\n<div>\n<div><\/div>\n<div>L&#8217;articolo discute gli effetti della riforma metropolitana rispetto alla path dependency che caratterizza le politiche istituzionali per le aree urbane.<\/div>\n<div><\/div>\n<\/div>\n<div><i>&nbsp;<\/i><\/div>\n<div>\n<div><\/div>\n<div>Il Convegno SISP 2019, organizzato dal Dipartimento di Storia, Societ\u00e0 e Studi sull`uomo, si terr\u00e0 presso l\u2019Universit\u00e0 degli Studi del Salento, Lecce, dal 12 al 14 Settembre 2019.<\/div>\n<\/div>\n<div><i>&nbsp;<\/i><\/div>\n<div>\n<div><\/div>\n<div>Per maggiori informazioni sull&#8217;evento si prega di consultare il <a href=\"https:\/\/www.sisp.it\/convegno-2019\">sito della conferenza<\/a>.<\/div>\n<\/div>\n","protected":false},"excerpt":{"rendered":"<p>Matteo Del Fabbro parteciper\u00e0 al convegno annuale della Societ\u00e0 Italiana di Scienza Politica in cui presenter\u00e0 il working paper&nbsp;L&#8217;organizzazione delle amministrazioni comunali nello spazio metropolitano italiano: il caso di Milano&nbsp;all&#8217;interno della sessione su Le Citt\u00e0 metropolitane italiane in prospettiva comparata: ieri, oggi\u2026 domani? &nbsp; L&#8217;articolo discute gli effetti della riforma metropolitana rispetto alla path dependency [&hellip;]<\/p>\n","protected":false},"author":2,"featured_media":2753,"comment_status":"open","ping_status":"open","sticky":false,"template":"","format":"standard","meta":{"_acf_changed":false,"footnotes":""},"categories":[3],"tags":[174,173,93,62],"class_list":["post-2717","post","type-post","status-publish","format-standard","has-post-thumbnail","hentry","category-news-dal-laboratorio","tag-convegni","tag-local-government","tag-milano","tag-seminari"],"acf":[],"_links":{"self":[{"href":"https:\/\/www.lps.polimi.it\/index.php?rest_route=\/wp\/v2\/posts\/2717","targetHints":{"allow":["GET"]}}],"collection":[{"href":"https:\/\/www.lps.polimi.it\/index.php?rest_route=\/wp\/v2\/posts"}],"about":[{"href":"https:\/\/www.lps.polimi.it\/index.php?rest_route=\/wp\/v2\/types\/post"}],"author":[{"embeddable":true,"href":"https:\/\/www.lps.polimi.it\/index.php?rest_route=\/wp\/v2\/users\/2"}],"replies":[{"embeddable":true,"href":"https:\/\/www.lps.polimi.it\/index.php?rest_route=%2Fwp%2Fv2%2Fcomments&post=2717"}],"version-history":[{"count":12,"href":"https:\/\/www.lps.polimi.it\/index.php?rest_route=\/wp\/v2\/posts\/2717\/revisions"}],"predecessor-version":[{"id":2743,"href":"https:\/\/www.lps.polimi.it\/index.php?rest_route=\/wp\/v2\/posts\/2717\/revisions\/2743"}],"wp:featuredmedia":[{"embeddable":true,"href":"https:\/\/www.lps.polimi.it\/index.php?rest_route=\/wp\/v2\/media\/2753"}],"wp:attachment":[{"href":"https:\/\/www.lps.polimi.it\/index.php?rest_route=%2Fwp%2Fv2%2Fmedia&parent=2717"}],"wp:term":[{"taxonomy":"category","embeddable":true,"href":"https:\/\/www.lps.polimi.it\/index.php?rest_route=%2Fwp%2Fv2%2Fcategories&post=2717"},{"taxonomy":"post_tag","embeddable":true,"href":"https:\/\/www.lps.polimi.it\/index.php?rest_route=%2Fwp%2Fv2%2Ftags&post=2717"}],"curies":[{"name":"wp","href":"https:\/\/api.w.org\/{rel}","templated":true}]}}