{"id":3077,"date":"2019-08-03T15:27:12","date_gmt":"2019-08-03T13:27:12","guid":{"rendered":"http:\/\/www.lps.polimi.it?p=3077"},"modified":"2020-11-22T21:18:34","modified_gmt":"2020-11-22T20:18:34","slug":"prin-rising-inequality-and-the-sociai-insecurity-of-the-middle-class-measures-drivers-policies","status":"publish","type":"post","link":"https:\/\/www.lps.polimi.it\/?p=3077","title":{"rendered":"PRIN &#8211; Rising inequality and the sociaI insecurity of the middle class: measures, drivers, policies"},"content":{"rendered":"<p>La ricerca mira ad analizzare la cosiddetta &#8220;crisi della classe media italiana&#8221; con l&#8217;obiettivo di comprendere meglio le sue peculiarit\u00e0 e sfaccettature. Contrariamente alla maggior parte del dibattito pubblico, che ha principalmente inquadrato tale &#8220;crisi&#8221; in termini di un &#8220;impoverimento&#8221; della classe media, si ipotizza che ci\u00f2 che \u00e8 pi\u00f9 rilevante sia piuttosto il declino della capacit\u00e0 della classe media di proteggere i propri membri dai rischi sociali. In altre parole, la classe media \u00e8 influenzata in misura significativa da diverse forme di insicurezza sociale. Per insicurezza sociale ci riferiamo principalmente al rischio di incertezza economica, perdita di reddito e tensione finanziaria. In quest&#8217;ottica sono rilevanti tre elementi principali di analisi: a) l&#8217;esposizione a eventi scatenanti dannosi; b) un divario tra i mezzi disponibili e bisogni economici effettivi; c) la dimensione temporale e il carattere pi\u00f9 o meno transitorio dell&#8217;insicurezza economica.<\/p>\n<p>In sintesi, gli obiettivi principali del progetto di ricerca sono:<\/p>\n<ol>\n<li>Fornire una misurazione comprensiva dell&#8217;insicurezza sociale, distinguendo le difficolt\u00e0 temporanee da quelle permanenti ed identificando indicatori multidimensionali;<\/li>\n<li>Individuare i principali fattori di insicurezza sociale per identificare quali individui, famiglie e gruppi sono maggiormente al rischio di insicurezza;<\/li>\n<li>Valutare la &#8220;stratificazione dell&#8217;insicurezza&#8221;. Concentrandoci sulla posizione &#8220;di classe&#8221; delle famiglie, miriamo a valutare in che misura l&#8217;insicurezza colpisce la classe media e\/ o gruppi specifici suo interno;<\/li>\n<li>Valutare il ruolo delle politiche previdenziali e occupazionali. Le politiche di welfare e mercato del lavoro possono contribuire sia ad aumentare l&#8217;insicurezza sociale che a ridurla. Adottando una prospettiva comparata in chiave europea, analizzeremo gli sviluppi politici e le dinamiche politiche relative alle principali politiche di welfare volte a prevenire la compressione della classe media.<\/li>\n<\/ol>\n<h4>\u00a0Anno di finanziamento<\/h4>\n<p>2019-2021<\/p>\n<h4>Gruppo di lavoro<\/h4>\n<p>Costanzo Ranci, Manos Matsaganis, Lara Maestripieri, Giuliana Costa, Andrea Parma<\/p>\n<h4>Soggetto finanziatore<\/h4>\n<p>MIUR<\/p>\n<h4>Partner<\/h4>\n<p>Universit\u00e0 degli Studi di Trento-Dipartimento di Sociologia e Ricerca Sociale; Universit\u00e0 degli Studi di Milano-Dipartimento di Scienze Politiche; Universit\u00e0 degli Studi &#8220;La Sapienza&#8221; di Roma-Dipartimento di Economia e Diritto<\/p>\n<h4>Sito web<\/h4>\n<blockquote class=\"wp-embedded-content\" data-secret=\"gapYKfIc11\"><p><a href=\"https:\/\/www.rising-prin.it\/\">Home Page ENG<\/a><\/p><\/blockquote>\n<p><iframe class=\"wp-embedded-content\" sandbox=\"allow-scripts\" security=\"restricted\" style=\"position: absolute; visibility: hidden;\" title=\"&#8220;Home Page ENG&#8221; &#8212; RISing\" src=\"https:\/\/www.rising-prin.it\/embed\/#?secret=gapYKfIc11\" data-secret=\"gapYKfIc11\" width=\"600\" height=\"338\" frameborder=\"0\" marginwidth=\"0\" marginheight=\"0\" scrolling=\"no\"><\/iframe><\/p>\n","protected":false},"excerpt":{"rendered":"<p>La ricerca mira ad analizzare la cosiddetta &#8220;crisi della classe media italiana&#8221; con l&#8217;obiettivo di comprendere meglio le sue peculiarit\u00e0 e sfaccettature. Contrariamente alla maggior parte del dibattito pubblico, che ha principalmente inquadrato tale &#8220;crisi&#8221; in termini di un &#8220;impoverimento&#8221; della classe media, si ipotizza che ci\u00f2 che \u00e8 pi\u00f9 rilevante sia piuttosto il declino [&hellip;]<\/p>\n","protected":false},"author":2,"featured_media":0,"comment_status":"open","ping_status":"open","sticky":false,"template":"","format":"standard","meta":{"_acf_changed":false,"footnotes":""},"categories":[3],"tags":[],"class_list":["post-3077","post","type-post","status-publish","format-standard","hentry","category-news-dal-laboratorio"],"acf":[],"_links":{"self":[{"href":"https:\/\/www.lps.polimi.it\/index.php?rest_route=\/wp\/v2\/posts\/3077","targetHints":{"allow":["GET"]}}],"collection":[{"href":"https:\/\/www.lps.polimi.it\/index.php?rest_route=\/wp\/v2\/posts"}],"about":[{"href":"https:\/\/www.lps.polimi.it\/index.php?rest_route=\/wp\/v2\/types\/post"}],"author":[{"embeddable":true,"href":"https:\/\/www.lps.polimi.it\/index.php?rest_route=\/wp\/v2\/users\/2"}],"replies":[{"embeddable":true,"href":"https:\/\/www.lps.polimi.it\/index.php?rest_route=%2Fwp%2Fv2%2Fcomments&post=3077"}],"version-history":[{"count":4,"href":"https:\/\/www.lps.polimi.it\/index.php?rest_route=\/wp\/v2\/posts\/3077\/revisions"}],"predecessor-version":[{"id":4065,"href":"https:\/\/www.lps.polimi.it\/index.php?rest_route=\/wp\/v2\/posts\/3077\/revisions\/4065"}],"wp:attachment":[{"href":"https:\/\/www.lps.polimi.it\/index.php?rest_route=%2Fwp%2Fv2%2Fmedia&parent=3077"}],"wp:term":[{"taxonomy":"category","embeddable":true,"href":"https:\/\/www.lps.polimi.it\/index.php?rest_route=%2Fwp%2Fv2%2Fcategories&post=3077"},{"taxonomy":"post_tag","embeddable":true,"href":"https:\/\/www.lps.polimi.it\/index.php?rest_route=%2Fwp%2Fv2%2Ftags&post=3077"}],"curies":[{"name":"wp","href":"https:\/\/api.w.org\/{rel}","templated":true}]}}