{"id":3109,"date":"2019-07-03T15:50:28","date_gmt":"2019-07-03T13:50:28","guid":{"rendered":"http:\/\/www.lps.polimi.it?p=3109"},"modified":"2024-12-16T22:32:20","modified_gmt":"2024-12-16T21:32:20","slug":"prin-rising-inequality-and-the-sociai-insecurity-of-the-middle-class-measures-drivers-policies-2","status":"publish","type":"post","link":"https:\/\/www.lps.polimi.it\/?p=3109","title":{"rendered":"PRIN &#8211; Rising inequality and the sociaI insecurity of the middle class: measures, drivers, policies"},"content":{"rendered":"<p>The research project aims to further our understanding of the so-called \u201ccrisis of the Italian middle class\u201d. In contrast to most of the public debate, which has mostly framed such \u201ccrisis\u201d in terms of\u00a0an \u201cimpoverishment\u201d of the middle class, we argue that what is more relevant is rather the declining capacity of the middle class to shelter its members against social risks. In other words, the middle class\u00a0has also been affected to a significant degree by several forms of social insecurity.\u00a0By social insecurity we mainly refer to the risk of experiencing economic uncertainty, income loss and financial strain which may be more or less transitory and of limited duration. Such adverse economic conditions represent a threat to the material independence of individuals and households. Three main elements are relevant: a) the exposure to harmful trigger events; b) a gap between available means and\u00a0actual economic needs; c) the temporal dimension and the more or less transitory character of economic insecurity.<\/p>\n<p>The project will pursue the following main aims:<\/p>\n<p>a) Provide an encompassing measurement of social insecurity. We will carry out longitudinal analysis on available data in two main steps: first, we will distinguish temporary from permanent hardship\u00a0conditions; second, we will create a portfolio of multi-dimensional indicators;<\/p>\n<p>b) Identify the main drivers of social insecurity. The association between sequences of economic strain and instability on the one hand, and individual and household characteristics, the sequencing of\u00a0negative events among different social groups\/classes on the other, will be investigated to identify what individuals, households and groups are most at risk of social insecurity.<\/p>\n<p>c) Assess the \u201cstratification of insecurity\u201d. By focusing on households\u2019 class position, we aim to assess the extent to which insecurity affects middle and lower classes and\/or specific groups within these\u00a0classes. First, we will look at new forms of stratification within the middle class as a consequence of economic innovation and restructuring; second, we will assess to what extent the spread of social\u00a0insecurity affects the current social class structure, eventually leading to a new model of social stratification.<\/p>\n<p>d) Assess the role of welfare and employment policies. Welfare and employment policies may contribute to both raise social insecurity and lower it, for instance through innovative social protection\u00a0programmes. By adopting a European comparative perspective, we will analyse policy developments and political dynamics related to key welfare policies aimed to prevent the squeeze of the middle class.<\/p>\n<h4>Financing period<\/h4>\n<p>2019-2021<\/p>\n<h4>Working group<\/h4>\n<p>Costanzo Ranci, Manos Matsaganis, Lara Maestripieri, Giuliana Costa, Andrea Parma<\/p>\n<h4>Funding Institution<\/h4>\n<p>MIUR &#8211; Bando Prin 2017<\/p>\n<h4>Partners<\/h4>\n<p>Universit\u00e0 degli Studi di Trento-Dipartimento di Sociologia e Ricerca Sociale; Universit\u00e0 degli Studi di Milano-Dipartimento di Scienze Politiche; Universit\u00e0 degli Studi &#8220;La Sapienza&#8221; di Roma-Dipartimento di Economia e Diritto<\/p>\n","protected":false},"excerpt":{"rendered":"<p>The research project aims to further our understanding of the so-called \u201ccrisis of the Italian middle class\u201d. In contrast to most of the public debate, which has mostly framed such \u201ccrisis\u201d in terms of\u00a0an \u201cimpoverishment\u201d of the middle class, we argue that what is more relevant is rather the declining capacity of the middle class [&hellip;]<\/p>\n","protected":false},"author":2,"featured_media":980,"comment_status":"closed","ping_status":"closed","sticky":false,"template":"","format":"standard","meta":{"_acf_changed":false,"footnotes":""},"categories":[3],"tags":[],"class_list":["post-3109","post","type-post","status-publish","format-standard","has-post-thumbnail","hentry","category-news-dal-laboratorio"],"acf":[],"_links":{"self":[{"href":"https:\/\/www.lps.polimi.it\/index.php?rest_route=\/wp\/v2\/posts\/3109","targetHints":{"allow":["GET"]}}],"collection":[{"href":"https:\/\/www.lps.polimi.it\/index.php?rest_route=\/wp\/v2\/posts"}],"about":[{"href":"https:\/\/www.lps.polimi.it\/index.php?rest_route=\/wp\/v2\/types\/post"}],"author":[{"embeddable":true,"href":"https:\/\/www.lps.polimi.it\/index.php?rest_route=\/wp\/v2\/users\/2"}],"replies":[{"embeddable":true,"href":"https:\/\/www.lps.polimi.it\/index.php?rest_route=%2Fwp%2Fv2%2Fcomments&post=3109"}],"version-history":[{"count":1,"href":"https:\/\/www.lps.polimi.it\/index.php?rest_route=\/wp\/v2\/posts\/3109\/revisions"}],"predecessor-version":[{"id":3111,"href":"https:\/\/www.lps.polimi.it\/index.php?rest_route=\/wp\/v2\/posts\/3109\/revisions\/3111"}],"wp:featuredmedia":[{"embeddable":true,"href":"https:\/\/www.lps.polimi.it\/index.php?rest_route=\/wp\/v2\/media\/980"}],"wp:attachment":[{"href":"https:\/\/www.lps.polimi.it\/index.php?rest_route=%2Fwp%2Fv2%2Fmedia&parent=3109"}],"wp:term":[{"taxonomy":"category","embeddable":true,"href":"https:\/\/www.lps.polimi.it\/index.php?rest_route=%2Fwp%2Fv2%2Fcategories&post=3109"},{"taxonomy":"post_tag","embeddable":true,"href":"https:\/\/www.lps.polimi.it\/index.php?rest_route=%2Fwp%2Fv2%2Ftags&post=3109"}],"curies":[{"name":"wp","href":"https:\/\/api.w.org\/{rel}","templated":true}]}}