{"id":3284,"date":"2019-12-16T18:40:16","date_gmt":"2019-12-16T17:40:16","guid":{"rendered":"http:\/\/www.lps.polimi.it?p=3284"},"modified":"2019-12-28T20:20:04","modified_gmt":"2019-12-28T19:20:04","slug":"la-solitudine-dei-numeri-ultimi-costanzo-ranci","status":"publish","type":"post","link":"https:\/\/www.lps.polimi.it\/?p=3284","title":{"rendered":"La solitudine dei numeri ultimi: Costanzo Ranci"},"content":{"rendered":"<p>Costanzo Ranci \u00e8 il coordinatore del progetto In Age. Nei giorni di Ancona commentava cos\u00ec la pubblicazione del report e la discussione che si \u00e8 svolta insieme agli stakeholder del progetto.Gli abbiamo chiesto come proseguir\u00e0 ora In Age e quale dato del report (<a href=\"https:\/\/www.lps.polimi.it\/wp-content\/uploads\/2019\/12\/Impaginazione-grafici_def2-2.pdf\">qui)<\/a> lo abbia colpito di pi\u00f9. Ascoltiamolo.<\/p>\n<p><iframe title=\"Costanzo Ranci: ecco a che punto \u00e8 arrivato il progetto In Age\" width=\"800\" height=\"450\" src=\"https:\/\/www.youtube.com\/embed\/VFYwC-Pw8nE?feature=oembed\" frameborder=\"0\" allow=\"accelerometer; autoplay; clipboard-write; encrypted-media; gyroscope; picture-in-picture; web-share\" referrerpolicy=\"strict-origin-when-cross-origin\" allowfullscreen><\/iframe><\/p>\n<p><strong>Inclusive ageing in place \u2014 IN-AGE\u00a0<\/strong>\u00e8 un progetto\u00a0finanziato da\u00a0Fondazione Cariplo (grant n\u00b0 2017\u20130941).<\/p>\n","protected":false},"excerpt":{"rendered":"<p>Costanzo Ranci \u00e8 il coordinatore del progetto In Age. Nei giorni di Ancona commentava cos\u00ec la pubblicazione del report e la discussione che si \u00e8 svolta insieme agli stakeholder del progetto.Gli abbiamo chiesto come proseguir\u00e0 ora In Age e quale dato del report (qui) lo abbia colpito di pi\u00f9. Ascoltiamolo. Inclusive ageing in place \u2014 [&hellip;]<\/p>\n","protected":false},"author":4,"featured_media":3286,"comment_status":"open","ping_status":"open","sticky":false,"template":"","format":"standard","meta":{"_acf_changed":false,"footnotes":""},"categories":[3],"tags":[79,212,40],"class_list":["post-3284","post","type-post","status-publish","format-standard","has-post-thumbnail","hentry","category-news-dal-laboratorio","tag-ageing","tag-ageing-in-place","tag-in-age"],"acf":[],"_links":{"self":[{"href":"https:\/\/www.lps.polimi.it\/index.php?rest_route=\/wp\/v2\/posts\/3284","targetHints":{"allow":["GET"]}}],"collection":[{"href":"https:\/\/www.lps.polimi.it\/index.php?rest_route=\/wp\/v2\/posts"}],"about":[{"href":"https:\/\/www.lps.polimi.it\/index.php?rest_route=\/wp\/v2\/types\/post"}],"author":[{"embeddable":true,"href":"https:\/\/www.lps.polimi.it\/index.php?rest_route=\/wp\/v2\/users\/4"}],"replies":[{"embeddable":true,"href":"https:\/\/www.lps.polimi.it\/index.php?rest_route=%2Fwp%2Fv2%2Fcomments&post=3284"}],"version-history":[{"count":3,"href":"https:\/\/www.lps.polimi.it\/index.php?rest_route=\/wp\/v2\/posts\/3284\/revisions"}],"predecessor-version":[{"id":3302,"href":"https:\/\/www.lps.polimi.it\/index.php?rest_route=\/wp\/v2\/posts\/3284\/revisions\/3302"}],"wp:featuredmedia":[{"embeddable":true,"href":"https:\/\/www.lps.polimi.it\/index.php?rest_route=\/wp\/v2\/media\/3286"}],"wp:attachment":[{"href":"https:\/\/www.lps.polimi.it\/index.php?rest_route=%2Fwp%2Fv2%2Fmedia&parent=3284"}],"wp:term":[{"taxonomy":"category","embeddable":true,"href":"https:\/\/www.lps.polimi.it\/index.php?rest_route=%2Fwp%2Fv2%2Fcategories&post=3284"},{"taxonomy":"post_tag","embeddable":true,"href":"https:\/\/www.lps.polimi.it\/index.php?rest_route=%2Fwp%2Fv2%2Ftags&post=3284"}],"curies":[{"name":"wp","href":"https:\/\/api.w.org\/{rel}","templated":true}]}}