{"id":4082,"date":"2020-12-04T23:30:21","date_gmt":"2020-12-04T22:30:21","guid":{"rendered":"http:\/\/www.lps.polimi.it?p=4082"},"modified":"2020-12-07T11:47:33","modified_gmt":"2020-12-07T10:47:33","slug":"pubblica-la-special-issue-di-cohsmo-su-social-inclusion","status":"publish","type":"post","link":"https:\/\/www.lps.polimi.it\/?p=4082","title":{"rendered":"COHSMO Special Issue published on Social Inclusion"},"content":{"rendered":"<p><img fetchpriority=\"high\" decoding=\"async\" class=\"size-medium wp-image-4080 alignright\" src=\"https:\/\/www.lps.polimi.it\/wp-content\/uploads\/2020\/12\/Schermata-2020-12-04-alle-23.28.32-250x300.png\" alt=\"\" width=\"250\" height=\"300\" srcset=\"https:\/\/www.lps.polimi.it\/wp-content\/uploads\/2020\/12\/Schermata-2020-12-04-alle-23.28.32-250x300.png 250w, https:\/\/www.lps.polimi.it\/wp-content\/uploads\/2020\/12\/Schermata-2020-12-04-alle-23.28.32-852x1024.png 852w, https:\/\/www.lps.polimi.it\/wp-content\/uploads\/2020\/12\/Schermata-2020-12-04-alle-23.28.32-768x923.png 768w, https:\/\/www.lps.polimi.it\/wp-content\/uploads\/2020\/12\/Schermata-2020-12-04-alle-23.28.32-1080x1298.png 1080w, https:\/\/www.lps.polimi.it\/wp-content\/uploads\/2020\/12\/Schermata-2020-12-04-alle-23.28.32.png 1130w\" sizes=\"(max-width: 250px) 100vw, 250px\" \/><a href=\"https:\/\/www.cogitatiopress.com\/socialinclusion\/issue\/view\/202\"><strong>Social Inclusion<\/strong><\/a>\u00a0have published the special issue<\/p>\n<p><a href=\"https:\/\/www.cogitatiopress.com\/socialinclusion\/issue\/view\/202\"><strong>Cohesion in the Local Context: Reconciling the Territorial, Economic and Social Dimensions<\/strong><\/a><\/p>\n<p>The issue, edited by Anja J\u00f8rgensen (Aalborg University), Mia Arp Fallov (Aalborg University), Rikke Skovgaard Nielsen (Aalborg University), Hans Thor Andersen (Aalborg University) e Maja De Neergaard (Aalborg University), deals with the first evidences from Horzizon 2020\u00a0<strong><a href=\"https:\/\/www.lps.polimi.it\/?p=841\">COHSMO project<\/a>.<\/strong><\/p>\n<p><a href=\"https:\/\/www.cohsmo.aau.dk\">COHSMO<\/a> stands for <em>Inequality<\/em>, <em>urbanization<\/em> and <em>Territorial Cohesion<\/em>: <em>Developing<\/em> the <em>European Social Model<\/em> of <em>economic growth<\/em> and <em>democratic capacity.<\/em><\/p>\n<p>The special issue is available on\u00a0<a href=\"https:\/\/www.cogitatiopress.com\/socialinclusion\/issue\/viewIssue\/202\/PDF202\">open access. <\/a><\/p>\n<p>The table of contents is as follow:<\/p>\n<p>Cohesion in the Local Context: Reconciling the Territorial, Economic\u00a0and Social Dimensions, by Hans Thor Andersen, Mia Arp Fallov, Anja J\u00f8rgensen, Maja de Neergaard and Rikke Skovgaard Nielsen<\/p>\n<p>Territorial Cohesion of What and Why? The Challenge of Spatial Justice\u00a0for EU\u2019s Cohesion Policy, by Mikko Weckroth and Sami Moisio<\/p>\n<p>Positioning the Urban in the Global Knowledge Economy: Increasing\u00a0Competitiveness or Inequality, by Tatjana Boczy, Ruggero Cefalo, Andrea Parma and Rikke Skovgaard Nielsen<\/p>\n<p>Territorial Cohesion as a Policy Narrative: From Economic Competitiveness\u00a0to \u2018Smart\u2019 Growth and Beyond, by Panagiotis Artelaris and George Mavrommatis<\/p>\n<p>Narratives of Territorial Cohesion and Economic Growth:\u00a0A Comparative Study, by Tatjana Boczy and Marta Margherita Cordini<\/p>\n<p>Rural Cohesion: Collective Efficacy and Leadership in the Territorial\u00a0Governance of Inclusion, by Anja J\u00f8rgensen, Mia Arp Fallov, Maria Casado-Diaz and Rob Atkinson<\/p>\n<p>Rethinking Suburban Governance in the CEE Region: A Comparison of Two\u00a0Municipalities in Poland and Lithuania, by Jurga Bu\u010dait\u0117-Vilk\u0117 and Joanna Krukowska<\/p>\n<p>Local Territorial Cohesion: Perception of Spatial Inequalities in Access to\u00a0Public Services in Polish Case-Study Municipalities, by Wirginia Aksztejn<\/p>\n<p>In Search of Territorial Cohesion: An Elusive and Imagined Notion, by Rob Atkinson and Carolina Pacchi<\/p>\n<p>Contexts and Interconnections: A Conjunctural Approach to\u00a0Territorial Cohesion, by Maja de Neergaard, Mia Arp Fallov, Rikke Skovgaard Nielsen and Anja J\u00f8rgensen<\/p>\n<p>&nbsp;<\/p>\n<p><em>This project has recieved funding from the European Union\u2019s Horizion 2020 research and innovation programme under grant agreement No 727058<\/em><\/p>\n","protected":false},"excerpt":{"rendered":"<p>Social Inclusion\u00a0have published the special issue Cohesion in the Local Context: Reconciling the Territorial, Economic and Social Dimensions The issue, edited by Anja J\u00f8rgensen (Aalborg University), Mia Arp Fallov (Aalborg University), Rikke Skovgaard Nielsen (Aalborg University), Hans Thor Andersen (Aalborg University) e Maja De Neergaard (Aalborg University), deals with the first evidences from Horzizon 2020\u00a0COHSMO [&hellip;]<\/p>\n","protected":false},"author":2,"featured_media":4080,"comment_status":"open","ping_status":"open","sticky":false,"template":"","format":"standard","meta":{"_acf_changed":false,"footnotes":""},"categories":[3],"tags":[334,199,188],"class_list":["post-4082","post","type-post","status-publish","format-standard","has-post-thumbnail","hentry","category-news-dal-laboratorio","tag-coesione-territoriale-en","tag-pubblicazioni-en","tag-territorial-cohesion"],"acf":[],"_links":{"self":[{"href":"https:\/\/www.lps.polimi.it\/index.php?rest_route=\/wp\/v2\/posts\/4082","targetHints":{"allow":["GET"]}}],"collection":[{"href":"https:\/\/www.lps.polimi.it\/index.php?rest_route=\/wp\/v2\/posts"}],"about":[{"href":"https:\/\/www.lps.polimi.it\/index.php?rest_route=\/wp\/v2\/types\/post"}],"author":[{"embeddable":true,"href":"https:\/\/www.lps.polimi.it\/index.php?rest_route=\/wp\/v2\/users\/2"}],"replies":[{"embeddable":true,"href":"https:\/\/www.lps.polimi.it\/index.php?rest_route=%2Fwp%2Fv2%2Fcomments&post=4082"}],"version-history":[{"count":4,"href":"https:\/\/www.lps.polimi.it\/index.php?rest_route=\/wp\/v2\/posts\/4082\/revisions"}],"predecessor-version":[{"id":4090,"href":"https:\/\/www.lps.polimi.it\/index.php?rest_route=\/wp\/v2\/posts\/4082\/revisions\/4090"}],"wp:featuredmedia":[{"embeddable":true,"href":"https:\/\/www.lps.polimi.it\/index.php?rest_route=\/wp\/v2\/media\/4080"}],"wp:attachment":[{"href":"https:\/\/www.lps.polimi.it\/index.php?rest_route=%2Fwp%2Fv2%2Fmedia&parent=4082"}],"wp:term":[{"taxonomy":"category","embeddable":true,"href":"https:\/\/www.lps.polimi.it\/index.php?rest_route=%2Fwp%2Fv2%2Fcategories&post=4082"},{"taxonomy":"post_tag","embeddable":true,"href":"https:\/\/www.lps.polimi.it\/index.php?rest_route=%2Fwp%2Fv2%2Ftags&post=4082"}],"curies":[{"name":"wp","href":"https:\/\/api.w.org\/{rel}","templated":true}]}}