{"id":4527,"date":"2021-07-12T21:30:12","date_gmt":"2021-07-12T19:30:12","guid":{"rendered":"http:\/\/www.lps.polimi.it?p=4527"},"modified":"2021-07-14T15:28:02","modified_gmt":"2021-07-14T13:28:02","slug":"in-age-la-campagna-fragilita-famiglia-e-connessioni","status":"publish","type":"post","link":"https:\/\/www.lps.polimi.it\/?p=4527","title":{"rendered":"In-Age, la campagna. Fragilit\u00e0, famiglia e connessioni"},"content":{"rendered":"<p><strong>IN-AGE, LA CAMPAGNA<\/strong><\/p>\n<p>In -Age ha fra i suoi compiti di progetto quello di immaginare una campagna di sensibilizzazione finale sull\u2019<em>ageing in place<\/em>, a partire dai bisgoni che abbiamo analizzato. I temi e le scoperte della nostra ricerca sono molti e cos\u00ec abbiamo pensato di creare una campagna multi-soggetto, che presenta <em>diversi touch-point<\/em>.<\/p>\n<p>Con Marco Pea di Studio 48\u2019 abbiamo cos\u00ec creato dei formati grafici che recepissero un claim spesso provocatorio, un sommario che iniziasse a chiarire i contorni dei temi che abbiamo preso in analisi e, infine, una parte pi\u00f9 discorsiva che ci permette di restituire in breve il senso della nostra ricerca.<br \/>\nI soggetti che abbiamo scelto, gli argomenti su cui porre l\u2019accento, sono sei.<\/p>\n<ol>\n<li>La solitudine<\/li>\n<li>La fragilit\u00e0: famiglia e connessioni<\/li>\n<li>Chi si occupa degli anziani fragili?<\/li>\n<li>Creare reti e connessioni<\/li>\n<li>Barriere architettoniche e interventi che non ostacolino la fragilit\u00e0<\/li>\n<li>Il digital divide<\/li>\n<\/ol>\n<p>&nbsp;<\/p>\n<p><img fetchpriority=\"high\" decoding=\"async\" class=\"alignnone wp-image-4497 size-large\" src=\"https:\/\/www.lps.polimi.it\/wp-content\/uploads\/2021\/07\/COPERTINA-FACEBOOK-1024x450.jpg\" alt=\"\" width=\"1024\" height=\"450\" srcset=\"https:\/\/www.lps.polimi.it\/wp-content\/uploads\/2021\/07\/COPERTINA-FACEBOOK-1024x450.jpg 1024w, https:\/\/www.lps.polimi.it\/wp-content\/uploads\/2021\/07\/COPERTINA-FACEBOOK-300x132.jpg 300w, https:\/\/www.lps.polimi.it\/wp-content\/uploads\/2021\/07\/COPERTINA-FACEBOOK-768x337.jpg 768w, https:\/\/www.lps.polimi.it\/wp-content\/uploads\/2021\/07\/COPERTINA-FACEBOOK-1536x675.jpg 1536w, https:\/\/www.lps.polimi.it\/wp-content\/uploads\/2021\/07\/COPERTINA-FACEBOOK-2048x900.jpg 2048w, https:\/\/www.lps.polimi.it\/wp-content\/uploads\/2021\/07\/COPERTINA-FACEBOOK-1080x475.jpg 1080w\" sizes=\"(max-width: 1024px) 100vw, 1024px\" \/><\/p>\n<p><strong>VECCHIO SARAI TU <\/strong><\/p>\n<p><strong>Molti anziani soli sono fragili. Il 66% ha difficolt\u00e0 a uscire di casa, il 40% fatica a svolgere un\u2019attivit\u00e0 quotidiana*. E di queste fragilit\u00e0 faremo esperienza tutti.<\/strong><\/p>\n<p><strong>COSA FARE:<\/strong><\/p>\n<p><strong>Keyword: #casa #solitudine #cura #rete #welfare<\/strong><\/p>\n<p>Spesso abitare da soli in et\u00e0 avanzata convive con una certa fragilit\u00e0 psico-fisica, con una mobilit\u00e0 ridotta e con una scarsa relazionalit\u00e0. Se il 61% degli anziani soli segnala una piena autonomia funzionale, il 13% presenta invece forti limitazioni nella vita quotidiana e il 9% \u00e8 affetto da patologie psichiche. Inoltre, solo il 33% delle persone sole over 74 afferma di potersi muovere fuori dall\u2019abitazione senza difficolt\u00e0, mentre il 10% circa \u00e8 confinata tra il letto e la poltrona.<\/p>\n<p>\u00c8 da qui che nasce la richiesta di un supporto quasi quotidiano, comunque continuativo, per lo svolgimento delle attivit\u00e0 quotidiane pi\u00f9 faticose e che comportano una certa mobilit\u00e0 al di fuori delle pareti domestiche. Le reti familiari, le badanti, i servizi pubblici di assistenza domiciliare, costituiscono i capisaldi della rete sociale di protezione. Una protezione, tuttavia, che talvolta non \u00e8 in grado di superare l\u2019isolamento e l\u2019intrappolamento in cui ricadono molti anziani fragili. Servono servizi che sappiano prestare sia aiuti continuativi, sia sostegni occasionali al bisogno, facilmente accessibili. Un sistema territoriale di \u201csentinelle di comunit\u00e0\u201d che accompagni queste persone nell\u2019et\u00e0 fragile, vigilando sul loro benessere e convogliando su di loro i sostegni, quando si rendono necessari, supportando al massimo la loro autonomia a casa.<\/p>\n","protected":false},"excerpt":{"rendered":"<p>IN-AGE, LA CAMPAGNA In -Age ha fra i suoi compiti di progetto quello di immaginare una campagna di sensibilizzazione finale sull\u2019ageing in place, a partire dai bisgoni che abbiamo analizzato. I temi e le scoperte della nostra ricerca sono molti e cos\u00ec abbiamo pensato di creare una campagna multi-soggetto, che presenta diversi touch-point. Con Marco [&hellip;]<\/p>\n","protected":false},"author":4,"featured_media":4531,"comment_status":"open","ping_status":"open","sticky":false,"template":"","format":"standard","meta":{"_acf_changed":false,"footnotes":""},"categories":[3],"tags":[212,40,160,82],"class_list":["post-4527","post","type-post","status-publish","format-standard","has-post-thumbnail","hentry","category-news-dal-laboratorio","tag-ageing-in-place","tag-in-age","tag-invecchiamento","tag-welfare"],"acf":[],"_links":{"self":[{"href":"https:\/\/www.lps.polimi.it\/index.php?rest_route=\/wp\/v2\/posts\/4527","targetHints":{"allow":["GET"]}}],"collection":[{"href":"https:\/\/www.lps.polimi.it\/index.php?rest_route=\/wp\/v2\/posts"}],"about":[{"href":"https:\/\/www.lps.polimi.it\/index.php?rest_route=\/wp\/v2\/types\/post"}],"author":[{"embeddable":true,"href":"https:\/\/www.lps.polimi.it\/index.php?rest_route=\/wp\/v2\/users\/4"}],"replies":[{"embeddable":true,"href":"https:\/\/www.lps.polimi.it\/index.php?rest_route=%2Fwp%2Fv2%2Fcomments&post=4527"}],"version-history":[{"count":1,"href":"https:\/\/www.lps.polimi.it\/index.php?rest_route=\/wp\/v2\/posts\/4527\/revisions"}],"predecessor-version":[{"id":4528,"href":"https:\/\/www.lps.polimi.it\/index.php?rest_route=\/wp\/v2\/posts\/4527\/revisions\/4528"}],"wp:featuredmedia":[{"embeddable":true,"href":"https:\/\/www.lps.polimi.it\/index.php?rest_route=\/wp\/v2\/media\/4531"}],"wp:attachment":[{"href":"https:\/\/www.lps.polimi.it\/index.php?rest_route=%2Fwp%2Fv2%2Fmedia&parent=4527"}],"wp:term":[{"taxonomy":"category","embeddable":true,"href":"https:\/\/www.lps.polimi.it\/index.php?rest_route=%2Fwp%2Fv2%2Fcategories&post=4527"},{"taxonomy":"post_tag","embeddable":true,"href":"https:\/\/www.lps.polimi.it\/index.php?rest_route=%2Fwp%2Fv2%2Ftags&post=4527"}],"curies":[{"name":"wp","href":"https:\/\/api.w.org\/{rel}","templated":true}]}}