{"id":5152,"date":"2023-06-09T22:08:40","date_gmt":"2023-06-09T20:08:40","guid":{"rendered":"https:\/\/www.lps.polimi.it?p=5152"},"modified":"2023-06-09T22:09:06","modified_gmt":"2023-06-09T20:09:06","slug":"stafania-sabatinelli-introduce-seminario-su-poverta-energetica-15-giugno","status":"publish","type":"post","link":"https:\/\/www.lps.polimi.it\/?p=5152","title":{"rendered":"Stafania Sabatinelli introduce un seminario su povert\u00e0 energetica (15 giugno"},"content":{"rendered":"<p><img fetchpriority=\"high\" decoding=\"async\" class=\"size-medium wp-image-5159 alignright\" src=\"https:\/\/www.lps.polimi.it\/wp-content\/uploads\/2023\/06\/Schermata-2023-06-09-alle-21.28.03-2-290x300.png\" alt=\"\" width=\"290\" height=\"300\" srcset=\"https:\/\/www.lps.polimi.it\/wp-content\/uploads\/2023\/06\/Schermata-2023-06-09-alle-21.28.03-2-290x300.png 290w, https:\/\/www.lps.polimi.it\/wp-content\/uploads\/2023\/06\/Schermata-2023-06-09-alle-21.28.03-2-989x1024.png 989w, https:\/\/www.lps.polimi.it\/wp-content\/uploads\/2023\/06\/Schermata-2023-06-09-alle-21.28.03-2-768x795.png 768w, https:\/\/www.lps.polimi.it\/wp-content\/uploads\/2023\/06\/Schermata-2023-06-09-alle-21.28.03-2.png 1026w\" sizes=\"(max-width: 290px) 100vw, 290px\" \/> Si segnala che il <strong>15 giugno (<\/strong>ore 17:00) Stefania Sabatinelli introdurr\u00e0 il seminario<\/p>\n<p style=\"text-align: center;\"><strong>Varieties of energy poverty in Europe: the challenge of recognition<\/strong><\/p>\n<p>Il seminario vedr\u00e0 come keynote speaker Sergio Tirado Herrero dell&#8217;Universit\u00e0 Autonoma di Madrid.<\/p>\n<p>L&#8217;evento si svolger\u00e0 presso la Sala Riunioni del II piano dell&#8217;Edificio 12 del Politecnico di Milano (via Bonardi 3).<\/p>\n<p>Per maggiori informazioni si prega di consultare la<a href=\"https:\/\/www.lps.polimi.it\/wp-content\/uploads\/2023\/06\/Varieties-of-energy-poverty-in-Europe-the-challenge-of-recognition.pdf\"> locandina.<\/a><\/p>\n","protected":false},"excerpt":{"rendered":"<p>Si segnala che il 15 giugno (ore 17:00) Stefania Sabatinelli introdurr\u00e0 il seminario Varieties of energy poverty in Europe: the challenge of recognition Il seminario vedr\u00e0 come keynote speaker Sergio Tirado Herrero dell&#8217;Universit\u00e0 Autonoma di Madrid. L&#8217;evento si svolger\u00e0 presso la Sala Riunioni del II piano dell&#8217;Edificio 12 del Politecnico di Milano (via Bonardi 3). [&hellip;]<\/p>\n","protected":false},"author":9,"featured_media":5159,"comment_status":"open","ping_status":"open","sticky":false,"template":"","format":"standard","meta":{"_acf_changed":false,"footnotes":""},"categories":[3],"tags":[],"class_list":["post-5152","post","type-post","status-publish","format-standard","has-post-thumbnail","hentry","category-news-dal-laboratorio"],"acf":[],"_links":{"self":[{"href":"https:\/\/www.lps.polimi.it\/index.php?rest_route=\/wp\/v2\/posts\/5152","targetHints":{"allow":["GET"]}}],"collection":[{"href":"https:\/\/www.lps.polimi.it\/index.php?rest_route=\/wp\/v2\/posts"}],"about":[{"href":"https:\/\/www.lps.polimi.it\/index.php?rest_route=\/wp\/v2\/types\/post"}],"author":[{"embeddable":true,"href":"https:\/\/www.lps.polimi.it\/index.php?rest_route=\/wp\/v2\/users\/9"}],"replies":[{"embeddable":true,"href":"https:\/\/www.lps.polimi.it\/index.php?rest_route=%2Fwp%2Fv2%2Fcomments&post=5152"}],"version-history":[{"count":3,"href":"https:\/\/www.lps.polimi.it\/index.php?rest_route=\/wp\/v2\/posts\/5152\/revisions"}],"predecessor-version":[{"id":5162,"href":"https:\/\/www.lps.polimi.it\/index.php?rest_route=\/wp\/v2\/posts\/5152\/revisions\/5162"}],"wp:featuredmedia":[{"embeddable":true,"href":"https:\/\/www.lps.polimi.it\/index.php?rest_route=\/wp\/v2\/media\/5159"}],"wp:attachment":[{"href":"https:\/\/www.lps.polimi.it\/index.php?rest_route=%2Fwp%2Fv2%2Fmedia&parent=5152"}],"wp:term":[{"taxonomy":"category","embeddable":true,"href":"https:\/\/www.lps.polimi.it\/index.php?rest_route=%2Fwp%2Fv2%2Fcategories&post=5152"},{"taxonomy":"post_tag","embeddable":true,"href":"https:\/\/www.lps.polimi.it\/index.php?rest_route=%2Fwp%2Fv2%2Ftags&post=5152"}],"curies":[{"name":"wp","href":"https:\/\/api.w.org\/{rel}","templated":true}]}}