{"id":6245,"date":"2025-03-18T21:53:32","date_gmt":"2025-03-18T20:53:32","guid":{"rendered":"https:\/\/www.lps.polimi.it\/?p=6245"},"modified":"2025-03-18T21:54:53","modified_gmt":"2025-03-18T20:54:53","slug":"seminario-di-ismael-blanco-urban-inequalities-and-local-response-capacities-in-the-barcelona-metropolitan-region","status":"publish","type":"post","link":"https:\/\/www.lps.polimi.it\/?p=6245","title":{"rendered":"Seminario di Ismael Blanco: &#8220;Urban Inequalities and Local Response Capacities in the Barcelona Metropolitan Region&#8221;"},"content":{"rendered":"<p>20 marzo 2024<\/p>\n<p>11:00<\/p>\n<div class=\"page\" title=\"Page 1\">\n<div class=\"section\">\n<div class=\"layoutArea\">\n<div class=\"column\">\n<p><strong>Urban Inequalities and Local Response Capacities in the Barcelona Metropolitan Region.<\/strong><\/p>\n<p><strong>By Ismael Blanco<\/strong><\/p>\n<\/div>\n<\/div>\n<div class=\"layoutArea\">\n<div class=\"column\">\n<p>Sala Riunioni, Secondo Piano, Edificio 12<\/p>\n<p>Politecnico di Milano<br \/>\nVia Bonardi 3,Milan<\/p>\n<div class=\"page\" title=\"Page 1\">\n<div class=\"section\">\n<div class=\"layoutArea\">\n<div class=\"column\">\n<p>Il seminario presenter\u00e0 un&#8217;ampia linea di ricerca incentrata sull&#8217;impatto delle recenti grandi crisi sulle dinamiche di segregazione urbana nella regione metropolitana di Barcellona e sulle disuguaglianze nelle capacit\u00e0 di risposta locale. Verranno esaminate sia le capacit\u00e0 istituzionali che l&#8217;azione collettiva dei cittadini, con particolare attenzione alle disparit\u00e0 intercomunali, alle loro implicazioni sociali e alle sfide di governance che pongono alle aree metropolitane.<\/p>\n<p>Guest: Ismael Blanco\/Direttore dell&#8217;Institut de Govern i Politiques P\u00f9bliques, Universitat Aut\u00f2noma de Barcelona<\/p>\n<p>Chair: Costanzo Ranci\/DAStU<\/p>\n<p>Discussants:<\/p>\n<p>Massimo Bricocoli\/DAStU<\/p>\n<p>Valeria Fedeli\/DAStU<\/p>\n<p>Carlotta Caciagli\/DAStU<\/p>\n<p>&nbsp;<\/p>\n<\/div>\n<\/div>\n<\/div>\n<\/div>\n<\/div>\n<\/div>\n<\/div>\n<\/div>\n","protected":false},"excerpt":{"rendered":"<p>20 marzo 2024 11:00 Urban Inequalities and Local Response Capacities in the Barcelona Metropolitan Region. By Ismael Blanco Sala Riunioni, Secondo Piano, Edificio 12 Politecnico di Milano Via Bonardi 3,Milan Il seminario presenter\u00e0 un&#8217;ampia linea di ricerca incentrata sull&#8217;impatto delle recenti grandi crisi sulle dinamiche di segregazione urbana nella regione metropolitana di Barcellona e sulle [&hellip;]<\/p>\n","protected":false},"author":9,"featured_media":6246,"comment_status":"closed","ping_status":"closed","sticky":false,"template":"","format":"standard","meta":{"_acf_changed":false,"footnotes":""},"categories":[447,443],"tags":[64,62],"class_list":["post-6245","post","type-post","status-publish","format-standard","has-post-thumbnail","hentry","category-events-news","category-home-news","tag-segregazione","tag-seminari"],"acf":[],"_links":{"self":[{"href":"https:\/\/www.lps.polimi.it\/index.php?rest_route=\/wp\/v2\/posts\/6245","targetHints":{"allow":["GET"]}}],"collection":[{"href":"https:\/\/www.lps.polimi.it\/index.php?rest_route=\/wp\/v2\/posts"}],"about":[{"href":"https:\/\/www.lps.polimi.it\/index.php?rest_route=\/wp\/v2\/types\/post"}],"author":[{"embeddable":true,"href":"https:\/\/www.lps.polimi.it\/index.php?rest_route=\/wp\/v2\/users\/9"}],"replies":[{"embeddable":true,"href":"https:\/\/www.lps.polimi.it\/index.php?rest_route=%2Fwp%2Fv2%2Fcomments&post=6245"}],"version-history":[{"count":1,"href":"https:\/\/www.lps.polimi.it\/index.php?rest_route=\/wp\/v2\/posts\/6245\/revisions"}],"predecessor-version":[{"id":6247,"href":"https:\/\/www.lps.polimi.it\/index.php?rest_route=\/wp\/v2\/posts\/6245\/revisions\/6247"}],"wp:featuredmedia":[{"embeddable":true,"href":"https:\/\/www.lps.polimi.it\/index.php?rest_route=\/wp\/v2\/media\/6246"}],"wp:attachment":[{"href":"https:\/\/www.lps.polimi.it\/index.php?rest_route=%2Fwp%2Fv2%2Fmedia&parent=6245"}],"wp:term":[{"taxonomy":"category","embeddable":true,"href":"https:\/\/www.lps.polimi.it\/index.php?rest_route=%2Fwp%2Fv2%2Fcategories&post=6245"},{"taxonomy":"post_tag","embeddable":true,"href":"https:\/\/www.lps.polimi.it\/index.php?rest_route=%2Fwp%2Fv2%2Ftags&post=6245"}],"curies":[{"name":"wp","href":"https:\/\/api.w.org\/{rel}","templated":true}]}}